{"id":1219,"date":"2020-03-12T08:28:31","date_gmt":"2020-03-12T07:28:31","guid":{"rendered":"http:\/\/www.2gas-station.net\/2gas-stationblog\/?p=1219"},"modified":"2023-03-12T15:55:20","modified_gmt":"2023-03-12T14:55:20","slug":"11-jahre-kunst-und-impuls-in-der-gas-station-berlin","status":"publish","type":"post","link":"https:\/\/www.2gas-station.net\/2gas-stationblog\/?p=1219","title":{"rendered":"11 Jahre kunsT und impulS in der G.A.S-station Berlin"},"content":{"rendered":"<p align=\"left\">Das 9. internationale, sparten\u00fcbergreifende und themenspezifische Ausstellungsprojekt 2020.<\/p>\n<p><strong>11 Jahre kunsT und impulS in der G.A.S-station Berlin<\/strong><br \/>\n<strong>+ <em>Zwischen Freiheit und Diktatur | die Wand<br \/>\n<\/em><\/strong>bis 9. Oktober 2020<\/p>\n<p>2007 schrieben wir unsere Ideale und Ziele in Form von Intentionen nieder und ver\u00f6ffentlichten diese auf unserer Website. Nun, zw\u00f6lf Jahre sp\u00e4ter, wollen wir einen Ein- und \u00dcberblick der 11 Jahre Ausstellungszeit und deren Entwicklung geben. Die Publikationen der Werke der \u00fcber 350 Kunst-, Literatur- und Wissenschaftsbeitragenden werden auf raumf\u00fcllenden, gro\u00dfen Objekten pr\u00e4sentiert, wobei sich unsere Publikationen in dreidimensionale Objekte verwandeln werden. Alle Beitragenden dieser 11 Jahre werden im Laufe des Jahres in dieser speziellen Pr\u00e4sentation nochmals gezeigt und auch eingeladen sich bei den Veranstaltungen zu beteiligen und mit uns zu feiern!<\/p>\n<p align=\"left\">Die Aufschl\u00fcsselung unseres kryptischen Keims \u2013 dieser absurde Satz, den wir in unserer letzten Ausschreibung mehrmals mitgeschickt haben \u201eAufgrund der Ver\u00e4nderung in der Gesellschaft sowie in der G.A.S-station Berlin geht Herr Stuck in die <strong>Freiheit<\/strong> und Frau Asenbaum wird zur <strong>Diktatorin<\/strong>\u201c \u2013 dient als neuer Impuls f\u00fcr einen k\u00fcnstlerischen Diskurs.<\/p>\n<p align=\"left\">Wir wollen eine Auseinandersetzung mit den Antipoden <strong>Freiheit und Diktatur<\/strong> auch im \u00fcbertragenem Sinne anregen. Dabei sind nicht nur die politischen Aspekte und die Gratwanderung zwischen <strong>Freiheit<\/strong> und <strong>diktatorischem<\/strong> Vorgehen sowie auch der Handlungsspielraum in demokratischen Systemen, die der <strong>Freiheit<\/strong> der Marktwirtschaft unterliegen, gemeint, sondern auch eine Reflexion \u00fcber eigene W\u00fcnsche zur <strong>Diktion<\/strong> und die Anpassung von Denkgewohnheiten und Vorgangsweisen insbesondere im k\u00fcnstlerischen Schaffen an die gegebenen gesellschaftlichen und kulturellen Bedingungen.<\/p>\n<p align=\"left\">Im Rahmen dessen startet der Zyklus <span class=\"fltext2bold\"><em>Zwischen Freiheit und Diktatur | die Wand<\/em>.<\/span><\/p>\n<p align=\"left\">Ab November 2019 bekommen nun, nach der offenen Ausschreibung und der Auswahl, acht K\u00fcnstler*innen jeweils f\u00fcr 14 Tage freie Hand, die Wand zwischen <strong>Freiheit<\/strong> und <strong>Diktatur<\/strong> zu gestalten. Der Zyklus l\u00e4uft bis in den Herbst 2020.<\/p>\n<p align=\"left\">Wolfgang Neipl &#8211; Ralf Tekaat &#8211; Harald K\u00f6hneke<br \/>\nSa. 29.02.-13.3.2020, <strong>Olliver Orthuber<\/strong><br \/>\nSa. 28.03.-09.4.2020, <strong>Matthias Fitz + Schwerpunkt Video<\/strong><br \/>\nSa. 25.04.-08.5.2020, <strong>Schwerpunkt Literatur<\/strong><br \/>\nSa. 30.05.-12.6.2020, <strong>Schwerpunkt Wissenschaft<\/strong><br \/>\nSa. 27.06.-10.7.2020, <strong>Stephanie Hanna<\/strong><br \/>\nSa. 25.07.-7.8.2020, <strong>Gisela Weimann<\/strong><br \/>\nSa. 26.09.-09.10.2020, <strong>Albert Markert<\/strong><\/p>\n<p align=\"left\"><strong>\u00d6ffnungszeiten zu den Ausstellungen: Do 16-19 Uhr, Fr 16-20 Uhr, Sa 17-22 Uhr<\/strong><\/p>\n","protected":false},"excerpt":{"rendered":"<p>Das 9. internationale, sparten\u00fcbergreifende und themenspezifische Ausstellungsprojekt 2020. 11 Jahre kunsT und impulS in der G.A.S-station Berlin + Zwischen Freiheit und Diktatur | die Wand bis 9. Oktober 2020 2007 schrieben wir unsere Ideale und Ziele in Form von Intentionen nieder und ver\u00f6ffentlichten diese auf unserer Website. Nun, zw\u00f6lf Jahre sp\u00e4ter, wollen wir einen Ein- [&hellip;]<\/p>\n","protected":false},"author":4,"featured_media":1411,"comment_status":"open","ping_status":"open","sticky":false,"template":"","format":"standard","meta":{"ocean_post_layout":"","ocean_both_sidebars_style":"","ocean_both_sidebars_content_width":0,"ocean_both_sidebars_sidebars_width":0,"ocean_sidebar":"0","ocean_second_sidebar":"0","ocean_disable_margins":"enable","ocean_add_body_class":"","ocean_shortcode_before_top_bar":"","ocean_shortcode_after_top_bar":"","ocean_shortcode_before_header":"","ocean_shortcode_after_header":"","ocean_has_shortcode":"","ocean_shortcode_after_title":"","ocean_shortcode_before_footer_widgets":"","ocean_shortcode_after_footer_widgets":"","ocean_shortcode_before_footer_bottom":"","ocean_shortcode_after_footer_bottom":"","ocean_display_top_bar":"default","ocean_display_header":"default","ocean_header_style":"","ocean_center_header_left_menu":"0","ocean_custom_header_template":"0","ocean_custom_logo":0,"ocean_custom_retina_logo":0,"ocean_custom_logo_max_width":0,"ocean_custom_logo_tablet_max_width":0,"ocean_custom_logo_mobile_max_width":0,"ocean_custom_logo_max_height":0,"ocean_custom_logo_tablet_max_height":0,"ocean_custom_logo_mobile_max_height":0,"ocean_header_custom_menu":"0","ocean_menu_typo_font_family":"0","ocean_menu_typo_font_subset":"","ocean_menu_typo_font_size":0,"ocean_menu_typo_font_size_tablet":0,"ocean_menu_typo_font_size_mobile":0,"ocean_menu_typo_font_size_unit":"px","ocean_menu_typo_font_weight":"","ocean_menu_typo_font_weight_tablet":"","ocean_menu_typo_font_weight_mobile":"","ocean_menu_typo_transform":"","ocean_menu_typo_transform_tablet":"","ocean_menu_typo_transform_mobile":"","ocean_menu_typo_line_height":0,"ocean_menu_typo_line_height_tablet":0,"ocean_menu_typo_line_height_mobile":0,"ocean_menu_typo_line_height_unit":"","ocean_menu_typo_spacing":0,"ocean_menu_typo_spacing_tablet":0,"ocean_menu_typo_spacing_mobile":0,"ocean_menu_typo_spacing_unit":"","ocean_menu_link_color":"","ocean_menu_link_color_hover":"","ocean_menu_link_color_active":"","ocean_menu_link_background":"","ocean_menu_link_hover_background":"","ocean_menu_link_active_background":"","ocean_menu_social_links_bg":"","ocean_menu_social_hover_links_bg":"","ocean_menu_social_links_color":"","ocean_menu_social_hover_links_color":"","ocean_disable_title":"default","ocean_disable_heading":"default","ocean_post_title":"","ocean_post_subheading":"","ocean_post_title_style":"","ocean_post_title_background_color":"","ocean_post_title_background":0,"ocean_post_title_bg_image_position":"","ocean_post_title_bg_image_attachment":"","ocean_post_title_bg_image_repeat":"","ocean_post_title_bg_image_size":"","ocean_post_title_height":0,"ocean_post_title_bg_overlay":0.5,"ocean_post_title_bg_overlay_color":"","ocean_disable_breadcrumbs":"default","ocean_breadcrumbs_color":"","ocean_breadcrumbs_separator_color":"","ocean_breadcrumbs_links_color":"","ocean_breadcrumbs_links_hover_color":"","ocean_display_footer_widgets":"default","ocean_display_footer_bottom":"default","ocean_custom_footer_template":"0","ocean_post_oembed":"","ocean_post_self_hosted_media":"","ocean_post_video_embed":"","ocean_link_format":"","ocean_link_format_target":"self","ocean_quote_format":"","ocean_quote_format_link":"post","ocean_gallery_link_images":"off","ocean_gallery_id":[],"footnotes":""},"categories":[1,35,37],"tags":[],"class_list":["post-1219","post","type-post","status-publish","format-standard","has-post-thumbnail","hentry","category-allgemein","category-ausstellung","category-zfud","entry","has-media"],"_links":{"self":[{"href":"https:\/\/www.2gas-station.net\/2gas-stationblog\/index.php?rest_route=\/wp\/v2\/posts\/1219","targetHints":{"allow":["GET"]}}],"collection":[{"href":"https:\/\/www.2gas-station.net\/2gas-stationblog\/index.php?rest_route=\/wp\/v2\/posts"}],"about":[{"href":"https:\/\/www.2gas-station.net\/2gas-stationblog\/index.php?rest_route=\/wp\/v2\/types\/post"}],"author":[{"embeddable":true,"href":"https:\/\/www.2gas-station.net\/2gas-stationblog\/index.php?rest_route=\/wp\/v2\/users\/4"}],"replies":[{"embeddable":true,"href":"https:\/\/www.2gas-station.net\/2gas-stationblog\/index.php?rest_route=%2Fwp%2Fv2%2Fcomments&post=1219"}],"version-history":[{"count":3,"href":"https:\/\/www.2gas-station.net\/2gas-stationblog\/index.php?rest_route=\/wp\/v2\/posts\/1219\/revisions"}],"predecessor-version":[{"id":1413,"href":"https:\/\/www.2gas-station.net\/2gas-stationblog\/index.php?rest_route=\/wp\/v2\/posts\/1219\/revisions\/1413"}],"wp:featuredmedia":[{"embeddable":true,"href":"https:\/\/www.2gas-station.net\/2gas-stationblog\/index.php?rest_route=\/wp\/v2\/media\/1411"}],"wp:attachment":[{"href":"https:\/\/www.2gas-station.net\/2gas-stationblog\/index.php?rest_route=%2Fwp%2Fv2%2Fmedia&parent=1219"}],"wp:term":[{"taxonomy":"category","embeddable":true,"href":"https:\/\/www.2gas-station.net\/2gas-stationblog\/index.php?rest_route=%2Fwp%2Fv2%2Fcategories&post=1219"},{"taxonomy":"post_tag","embeddable":true,"href":"https:\/\/www.2gas-station.net\/2gas-stationblog\/index.php?rest_route=%2Fwp%2Fv2%2Ftags&post=1219"}],"curies":[{"name":"wp","href":"https:\/\/api.w.org\/{rel}","templated":true}]}}